{"id":26941,"date":"2024-09-21T11:28:00","date_gmt":"2024-09-21T09:28:00","guid":{"rendered":"https:\/\/wizardly-sanderson.82-223-54-51.plesk.page\/installation-of-interior-and-exterior-wooden-doors-in-the-house\/"},"modified":"2023-09-26T16:35:37","modified_gmt":"2023-09-26T16:35:37","slug":"protec-windows-welcomes-you-to-its-new-website","status":"publish","type":"post","link":"https:\/\/protecventanas.com\/en\/protec-windows-welcomes-you-to-its-new-website\/","title":{"rendered":"Protec Windows Welcomes You to Its New Website!"},"content":{"rendered":"\n<p>Es con un gran entusiasmo que anunciamos la apertura de nuestro nuevo sitio web, que marca un emocionante cap\u00edtulo en la historia de Protec Ventanas. Desde 1996, hemos estado comprometidos en el sur de Espa\u00f1a, espec\u00edficamente en la Provincia de M\u00e1laga, trabajando incansablemente en la fabricaci\u00f3n, distribuci\u00f3n, montaje e instalaci\u00f3n de ventanas y puertas de la m\u00e1s alta calidad.<\/p>\n\n<p>Nuestra experiencia de m\u00e1s de dos d\u00e9cadas en la industria nos ha permitido perfeccionar nuestros procesos y ofrecer productos excepcionales que combinan calidad, funcionalidad y dise\u00f1o. El lanzamiento de nuestro nuevo sitio web refleja nuestro compromiso constante de servir mejor a nuestros clientes y brindarles una experiencia de compra en l\u00ednea de primera clase.<\/p>\n\n<p>Aqu\u00ed hay un adelanto de lo que puedes encontrar en nuestro nuevo sitio web:<\/p>\n\n<ol class=\"wp-block-list\">\n<li><strong>Amplia Gama de Productos:<\/strong> Explora nuestra amplia gama de <a href=\"\/puertas-y-ventanas\/\"><strong>ventanas y puertas<\/strong><\/a>, dise\u00f1adas para satisfacer todas tus necesidades y preferencias est\u00e9ticas. Desde ventanas de alto rendimiento hasta elegantes puertas de entrada, ofrecemos soluciones para cada proyecto.<\/li>\n\n\n\n<li><strong>Informaci\u00f3n Detallada:<\/strong> <a href=\"\/contacto\/\"><strong>Obt\u00e9n informaci\u00f3n detallada<\/strong><\/a> sobre nuestros productos, incluyendo especificaciones t\u00e9cnicas, materiales utilizados y opciones de personalizaci\u00f3n. Queremos que tomes decisiones informadas.<\/li>\n\n\n\n<li><strong><a href=\"\/portfolio\/\">Galer\u00eda de Proyectos<\/a>:<\/strong> Insp\u00edrate viendo ejemplos de proyectos anteriores en los que hemos trabajado. Nuestra galer\u00eda de proyectos muestra c\u00f3mo nuestras ventanas y puertas han transformado espacios.<\/li>\n\n\n\n<li><strong>Servicios de Instalaci\u00f3n Profesional:<\/strong> Descubre c\u00f3mo nuestro equipo altamente capacitado puede encargarse de la instalaci\u00f3n y montaje de tus nuevas ventanas y puertas, garantizando resultados impecables.<\/li>\n\n\n\n<li><strong>Atenci\u00f3n al Cliente:<\/strong> Nuestro equipo de atenci\u00f3n al cliente est\u00e1 disponible para responder a tus preguntas, ofrecer asesoramiento y brindar asistencia en todo momento.<\/li>\n<\/ol>\n\n<p>En Protec Ventanas, nuestra misi\u00f3n es proporcionar soluciones de calidad que mejoren la eficiencia energ\u00e9tica, la est\u00e9tica y la seguridad de tu hogar o negocio. Con el lanzamiento de nuestro nuevo sitio web, esperamos facilitar a\u00fan m\u00e1s la elecci\u00f3n y adquisici\u00f3n de las ventanas y puertas ideales para tus proyectos.<\/p>\n\n<p>Te invitamos a explorar nuestro nuevo sitio web y a descubrir c\u00f3mo Protec Ventanas puede ser tu socio confiable en la creaci\u00f3n de espacios m\u00e1s confortables y seguros. Gracias por confiar en nosotros desde 1996, y esperamos servirte con excelencia durante muchos a\u00f1os m\u00e1s. \u00a1Bienvenidos a Protec Ventanas!<\/p>\n","protected":false},"excerpt":{"rendered":"<p>Es con un gran entusiasmo que anunciamos la apertura de nuestro nuevo sitio web, que marca un emocionante cap\u00edtulo en la historia de Protec Ventanas. Desde 1996, hemos estado comprometidos&hellip;<\/p>\n","protected":false},"author":3,"featured_media":28444,"comment_status":"closed","ping_status":"closed","sticky":false,"template":"","format":"standard","meta":{"rank_math_lock_modified_date":false,"footnotes":""},"categories":[240,239],"tags":[],"class_list":["post-26941","post","type-post","status-publish","format-standard","has-post-thumbnail","hentry","category-general-en","category-general"],"_links":{"self":[{"href":"https:\/\/protecventanas.com\/en\/wp-json\/wp\/v2\/posts\/26941","targetHints":{"allow":["GET"]}}],"collection":[{"href":"https:\/\/protecventanas.com\/en\/wp-json\/wp\/v2\/posts"}],"about":[{"href":"https:\/\/protecventanas.com\/en\/wp-json\/wp\/v2\/types\/post"}],"author":[{"embeddable":true,"href":"https:\/\/protecventanas.com\/en\/wp-json\/wp\/v2\/users\/3"}],"replies":[{"embeddable":true,"href":"https:\/\/protecventanas.com\/en\/wp-json\/wp\/v2\/comments?post=26941"}],"version-history":[{"count":4,"href":"https:\/\/protecventanas.com\/en\/wp-json\/wp\/v2\/posts\/26941\/revisions"}],"predecessor-version":[{"id":27276,"href":"https:\/\/protecventanas.com\/en\/wp-json\/wp\/v2\/posts\/26941\/revisions\/27276"}],"wp:featuredmedia":[{"embeddable":true,"href":"https:\/\/protecventanas.com\/en\/wp-json\/wp\/v2\/media\/28444"}],"wp:attachment":[{"href":"https:\/\/protecventanas.com\/en\/wp-json\/wp\/v2\/media?parent=26941"}],"wp:term":[{"taxonomy":"category","embeddable":true,"href":"https:\/\/protecventanas.com\/en\/wp-json\/wp\/v2\/categories?post=26941"},{"taxonomy":"post_tag","embeddable":true,"href":"https:\/\/protecventanas.com\/en\/wp-json\/wp\/v2\/tags?post=26941"}],"curies":[{"name":"wp","href":"https:\/\/api.w.org\/{rel}","templated":true}]}}