{"id":26947,"date":"2024-09-21T11:28:00","date_gmt":"2024-09-21T09:28:00","guid":{"rendered":"https:\/\/wizardly-sanderson.82-223-54-51.plesk.page\/einbau-von-innen-und-aussentueren-aus-holz-im-haus\/"},"modified":"2023-09-26T16:25:50","modified_gmt":"2023-09-26T16:25:50","slug":"protec-ventanas-begruesst-seine-neue-website","status":"publish","type":"post","link":"https:\/\/protecventanas.com\/de\/protec-ventanas-begruesst-seine-neue-website\/","title":{"rendered":"Protec Ventanas begr\u00fc\u00dft seine neue Website!"},"content":{"rendered":"\n<p>Mit gro\u00dfer Begeisterung geben wir die Er\u00f6ffnung unserer neuen Website bekannt, die ein spannendes Kapitel in der Geschichte von Protec Ventanas markiert. Seit 1996 sind wir im S\u00fcden Spaniens, insbesondere in der Provinz Malaga, t\u00e4tig und arbeiten unerm\u00fcdlich an der Herstellung, dem Vertrieb, der Montage und dem Einbau von Fenstern und T\u00fcren h\u00f6chster Qualit\u00e4t.<\/p>\n\n\n\n<p>Unsere Erfahrung aus mehr als zwei Jahrzehnten in der Branche hat es uns erm\u00f6glicht, unsere Prozesse zu perfektionieren und au\u00dfergew\u00f6hnliche Produkte anzubieten, die Qualit\u00e4t, Funktionalit\u00e4t und Design vereinen. Der Start unserer neuen Website spiegelt unser kontinuierliches Engagement wider, unsere Kunden besser zu bedienen und ihnen ein erstklassiges Online-Einkaufserlebnis zu bieten.<\/p>\n\n\n\n<p>Hier ist ein kleiner Vorgeschmack auf das, was Sie auf unserer neuen Website finden k\u00f6nnen:<\/p>\n\n\n\n<p>Gro\u00dfe Produktpalette: Entdecken Sie unsere gro\u00dfe Auswahl an Fenstern und T\u00fcren, die alle Ihre Bed\u00fcrfnisse und \u00e4sthetischen Vorlieben erf\u00fcllen. Von leistungsstarken Fenstern bis hin zu eleganten Eingangst\u00fcren bieten wir L\u00f6sungen f\u00fcr jedes Projekt.<\/p>\n\n\n\n<p>Detaillierte Informationen: Erhalten Sie detaillierte Informationen zu unseren Produkten, einschlie\u00dflich technischer Spezifikationen, verwendeter Materialien und Anpassungsm\u00f6glichkeiten. Wir m\u00f6chten, dass Sie fundierte Entscheidungen treffen.<\/p>\n\n\n\n<p>Projektgalerie: Lassen Sie sich inspirieren, indem Sie sich Beispiele fr\u00fcherer Projekte ansehen, an denen wir gearbeitet haben. Unsere Projektgalerie zeigt, wie unsere Fenster und T\u00fcren R\u00e4ume ver\u00e4ndert haben.<\/p>\n\n\n\n<p>Professionelle Installationsdienste: Entdecken Sie, wie unser hochqualifiziertes Team die Installation und Montage Ihrer neuen Fenster und T\u00fcren \u00fcbernimmt und einwandfreie Ergebnisse garantiert.<\/p>\n\n\n\n<p>Kundenservice: Unser Kundenservice-Team steht Ihnen jederzeit f\u00fcr Fragen, Beratung und Hilfe zur Verf\u00fcgung.<\/p>\n\n\n\n<p>Bei Protec Ventanas ist es unsere Mission, hochwertige L\u00f6sungen bereitzustellen, die die Energieeffizienz, \u00c4sthetik und Sicherheit Ihres Zuhauses oder Unternehmens verbessern. Mit der Einf\u00fchrung unserer neuen Website m\u00f6chten wir Ihnen die Auswahl und den Kauf der idealen Fenster und T\u00fcren f\u00fcr Ihre Projekte noch einfacher machen.<\/p>\n\n\n\n<p>Wir laden Sie ein, unsere neue Website zu erkunden und herauszufinden, wie Protec Ventanas Ihr zuverl\u00e4ssiger Partner bei der Schaffung komfortablerer und sichererer R\u00e4ume sein kann. Wir danken Ihnen f\u00fcr Ihr Vertrauen seit 1996 und freuen uns darauf, Sie noch viele Jahre lang hervorragend zu bedienen. Willkommen bei Protec Windows!<\/p>\n","protected":false},"excerpt":{"rendered":"<p>Mit gro\u00dfer Begeisterung geben wir die Er\u00f6ffnung unserer neuen Website bekannt, die ein spannendes Kapitel in der Geschichte von Protec Ventanas markiert. Seit 1996 sind wir im S\u00fcden Spaniens, insbesondere&hellip;<\/p>\n","protected":false},"author":3,"featured_media":28445,"comment_status":"closed","ping_status":"closed","sticky":false,"template":"","format":"standard","meta":{"rank_math_lock_modified_date":false,"footnotes":""},"categories":[241],"tags":[],"class_list":["post-26947","post","type-post","status-publish","format-standard","has-post-thumbnail","hentry","category-allgemein"],"_links":{"self":[{"href":"https:\/\/protecventanas.com\/de\/wp-json\/wp\/v2\/posts\/26947","targetHints":{"allow":["GET"]}}],"collection":[{"href":"https:\/\/protecventanas.com\/de\/wp-json\/wp\/v2\/posts"}],"about":[{"href":"https:\/\/protecventanas.com\/de\/wp-json\/wp\/v2\/types\/post"}],"author":[{"embeddable":true,"href":"https:\/\/protecventanas.com\/de\/wp-json\/wp\/v2\/users\/3"}],"replies":[{"embeddable":true,"href":"https:\/\/protecventanas.com\/de\/wp-json\/wp\/v2\/comments?post=26947"}],"version-history":[{"count":3,"href":"https:\/\/protecventanas.com\/de\/wp-json\/wp\/v2\/posts\/26947\/revisions"}],"predecessor-version":[{"id":27200,"href":"https:\/\/protecventanas.com\/de\/wp-json\/wp\/v2\/posts\/26947\/revisions\/27200"}],"wp:featuredmedia":[{"embeddable":true,"href":"https:\/\/protecventanas.com\/de\/wp-json\/wp\/v2\/media\/28445"}],"wp:attachment":[{"href":"https:\/\/protecventanas.com\/de\/wp-json\/wp\/v2\/media?parent=26947"}],"wp:term":[{"taxonomy":"category","embeddable":true,"href":"https:\/\/protecventanas.com\/de\/wp-json\/wp\/v2\/categories?post=26947"},{"taxonomy":"post_tag","embeddable":true,"href":"https:\/\/protecventanas.com\/de\/wp-json\/wp\/v2\/tags?post=26947"}],"curies":[{"name":"wp","href":"https:\/\/api.w.org\/{rel}","templated":true}]}}